{"id":2200,"date":"2024-03-25T14:28:55","date_gmt":"2024-03-25T14:28:55","guid":{"rendered":"https:\/\/madentaclinic.com\/?p=2200"},"modified":"2024-03-26T17:49:15","modified_gmt":"2024-03-26T17:49:15","slug":"bruxismo-y-sus-implicaciones-en-odontologia","status":"publish","type":"post","link":"https:\/\/madentaclinic.com\/en\/2024\/03\/25\/bruxismo-y-sus-implicaciones-en-odontologia\/","title":{"rendered":"Bruxismo y sus implicaciones en Odontolog\u00eda"},"content":{"rendered":"<p class=\"has-medium-font-size\">Dra. Gianna Hanly - Rehabilitadora Oral<\/p>\n\n\n\n<p class=\"has-medium-font-size\">Seg\u00fan el<a href=\"https:\/\/www.nidcr.nih.gov\/espanol\/temas-de-salud\/el-bruxismo#:~:text=El%20bruxismo%20es%20una%20afecci%C3%B3n,sue%C3%B1o%20se%20ha%20estudiado%20m%C3%A1s\"> Instituto Nacional de Investigaci\u00f3n Dental y Craneofacial<\/a>, el bruxismo es una afecci\u00f3n en la que una persona rechina, aprieta o cruje los dientes; puede ocurrir cuando se est\u00e1 despierto o dormido. El bruxismo que ocurre mientras una persona est\u00e1 despierta es menos frecuente, pero el bruxismo que ocurre durante el sue\u00f1o se ha estudiado m\u00e1s.&nbsp;<\/p>\n\n\n\n<p class=\"has-medium-font-size\">Esta afecci\u00f3n proviene de una activaci\u00f3n involuntaria de los m\u00fasculos masticatorios faciales y del cuello, la cual hace que se produzcan fuerzas sobre los dientes.<\/p>\n\n\n\n<p class=\"has-medium-font-size\">\u201cDatito sobre la prevalencia del bruxismo: Casi el 31% de adultos reporta padecer de esta afecci\u00f3n, y un 11% de adolescentes\u201d. <a href=\"https:\/\/pubmed.ncbi.nlm.nih.gov\/33409693\/\">National Library of Medicine.&nbsp;<\/a><\/p>\n\n\n\n<figure class=\"wp-block-image size-full\"><img fetchpriority=\"high\" decoding=\"async\" width=\"1170\" height=\"360\" src=\"https:\/\/madentaclinic.com\/wp-content\/uploads\/2024\/03\/Sin-titulo-1-1.png\" alt=\"\" class=\"wp-image-2207\" style=\"aspect-ratio:4\/3;object-fit:cover\" srcset=\"https:\/\/madentaclinic.com\/wp-content\/uploads\/2024\/03\/Sin-titulo-1-1.png 1170w, https:\/\/madentaclinic.com\/wp-content\/uploads\/2024\/03\/Sin-titulo-1-1-300x92.png 300w, https:\/\/madentaclinic.com\/wp-content\/uploads\/2024\/03\/Sin-titulo-1-1-1024x315.png 1024w, https:\/\/madentaclinic.com\/wp-content\/uploads\/2024\/03\/Sin-titulo-1-1-768x236.png 768w, https:\/\/madentaclinic.com\/wp-content\/uploads\/2024\/03\/Sin-titulo-1-1-18x6.png 18w, https:\/\/madentaclinic.com\/wp-content\/uploads\/2024\/03\/Sin-titulo-1-1-600x185.png 600w\" sizes=\"(max-width: 1170px) 100vw, 1170px\" \/><\/figure>\n\n\n\n<h2 class=\"wp-block-heading\">\u00bfC\u00f3mo s\u00e9 que tengo bruxismo?<\/h2>\n\n\n\n<p class=\"has-medium-font-size\">Ac\u00e1 te menciono algunas posibles causas para identificar inicialmente tu padecimiento:<\/p>\n\n\n\n<ol class=\"wp-block-list\">\n<li class=\"has-medium-font-size\">Amanecer con dolor al abrir la boca y con la apertura limitada.<\/li>\n\n\n\n<li class=\"has-medium-font-size\">Dolor de cuello o dolor de cabeza.<\/li>\n\n\n\n<li class=\"has-medium-font-size\">Sensibilidad dental, fracturas dentales recurrentes, dientes aplanados.<\/li>\n\n\n\n<li class=\"has-medium-font-size\">Si duermes con pareja, que te reporte que haces sonidos al dormir.<\/li>\n\n\n\n<li class=\"has-medium-font-size\">L\u00ednea blanca en el interior del cachete o amanecer con el cachete dormido.<\/li>\n\n\n\n<li class=\"has-medium-font-size\">Poca calidad de sue\u00f1o.<\/li>\n<\/ol>\n\n\n\n<p><\/p>\n\n\n\n<h2 class=\"wp-block-heading\">\u00a1Cuidado que pierdes un diente!<\/h2>\n\n\n\n<p class=\"has-medium-font-size\">Un dato sorprendente sobre el bruxismo, es que tu mand\u00edbula puede apretar tus dientes con una fuerza de hasta 250 libras de presi\u00f3n. Esta fuerza de presi\u00f3n, puede hacerte perder un diente. Cuando esto sucede pueden formarse grietas y fracturas en tus dientes que son imposibles de reparar.&nbsp;<\/p>\n\n\n\n<p class=\"has-medium-font-size\">Este tipo de fractura dental, se llama fractura vertical. B\u00e1sicamente es la formaci\u00f3n de una l\u00ednea de fractura que llega hasta la punta del diente, es dif\u00edcil de ver y causa un da\u00f1o irreparable del diente que conlleva a realizar una extracci\u00f3n.<\/p>\n\n\n\n<h2 class=\"wp-block-heading\">\u00bfCu\u00e1les son las principales causas del bruxismo?<\/h2>\n\n\n\n<p class=\"has-medium-font-size\">Pues les cuento que no se ha encontrado un solo factor espec\u00edfico que lo causa. Se combinan diversos factores tales como: psicol\u00f3gicos, emocionales, de estilo de vida y de calidad de sue\u00f1o.<\/p>\n\n\n\n<h2 class=\"wp-block-heading\">Algunos de estos factores son:<\/h2>\n\n\n\n<ul class=\"wp-block-list\">\n<li class=\"has-medium-font-size\">Estr\u00e9s, ansiedad y estr\u00e9s postraum\u00e1tico.<\/li>\n\n\n\n<li class=\"has-medium-font-size\">Factores gen\u00e9ticos.<\/li>\n\n\n\n<li class=\"has-medium-font-size\">Estilo de vida y h\u00e1bitos: Consumo excesivo de alcohol, cigarrillo, consumo de cafe\u00edna y ciertos medicamentos psicoactivos para la depresi\u00f3n.<\/li>\n\n\n\n<li class=\"has-medium-font-size\">Trastornos del sue\u00f1o: tales como apnea obstructiva del sue\u00f1o (AOS) o el s\u00edndrome de piernas inquietas.<\/li>\n\n\n\n<li class=\"has-medium-font-size\">Enfermedades como Epilepsia y P\u00e1rkinson.<\/li>\n\n\n\n<li class=\"has-medium-font-size\">Problemas de alineaci\u00f3n o maloclusiones dentales.<\/li>\n<\/ul>\n\n\n\n<p class=\"has-medium-font-size\">Para expandir un poco sobre el \u00faltimo punto, en repetidas ocasiones recibo a pacientes diciendo que tienen problemas de mordida. Esto sucede cuando los dientes superiores e inferiores no encajan correctamente, lo que produce la probabilidad de rechinar o apretar los dientes con mayor frecuencia.&nbsp;<\/p>\n\n\n\n<p class=\"has-medium-font-size\">Algunas condiciones dentales previas de estos pacientes son: espacios por ausencia de dientes, discrepancia en los huesos de la cara, dientes que no cierran por completo y otras caracter\u00edsticas que te hacen sentir que la mand\u00edbula no est\u00e1 balanceada.<\/p>\n\n\n\n<h2 class=\"wp-block-heading\">\u00bfC\u00f3mo se diagnostica el bruxismo?<\/h2>\n\n\n\n<p>En una visita de evaluaci\u00f3n podemos ver: m\u00fasculos hipertrofiados, asimetr\u00edas faciales, dolores dentales, desgaste dental, grietas en el esmalte y otros s\u00edntomas.<\/p>\n\n\n\n<h2 class=\"wp-block-heading\">\u00bfCu\u00e1les son los diferentes tipos de tratamiento para el bruxismo?<\/h2>\n\n\n\n<ul class=\"wp-block-list\">\n<li class=\"has-medium-font-size\">F\u00e9rula nocturna, ajuste de los dientes y ortodoncia.<\/li>\n\n\n\n<li class=\"has-medium-font-size\">Terapia f\u00edsica: masaje, terapia calor y fr\u00edo.<\/li>\n\n\n\n<li class=\"has-medium-font-size\">Terapia l\u00e1ser.<\/li>\n\n\n\n<li class=\"has-medium-font-size\">Toxina botul\u00ednica.<\/li>\n\n\n\n<li class=\"has-medium-font-size\">Relajantes musculares y ansiol\u00edticos.<\/li>\n<\/ul>\n\n\n\n<h2 class=\"wp-block-heading\">\u00bfQu\u00e9 consejos dar\u00edas a una persona que sufre de bruxismo? <\/h2>\n\n\n\n<ul class=\"wp-block-list\">\n<li class=\"has-medium-font-size\">Mejor que Netflix, es leer un libro antes de dormir.<\/li>\n\n\n\n<li class=\"has-medium-font-size\">Practicar el mindfulness, pasear al perro, bajar apps de meditaci\u00f3n como <a href=\"https:\/\/www.calm.com\/\">Calm<\/a>.<\/li>\n\n\n\n<li class=\"has-medium-font-size\"><a href=\"https:\/\/www.sleepfoundation.org\/sleep-hygiene\">Higiene del sue\u00f1o<\/a>: relajarse antes de dormir, no activar pantallas.&nbsp;<\/li>\n\n\n\n<li class=\"has-medium-font-size\">Masajear con cremas tus m\u00fasculos del cachete.<\/li>\n\n\n\n<li class=\"has-medium-font-size\">Evitar exceso de cafe\u00edna, alcohol y cigarrillos.<\/li>\n\n\n\n<li class=\"has-medium-font-size\">Corregir dientes mal alineados. Es superimportante la armon\u00eda entre los dientes superiores e inferiores.&nbsp;<\/li>\n\n\n\n<li class=\"has-medium-font-size\">Vitaminas: Tiamina y D3.<\/li>\n<\/ul>\n\n\n\n<h2 class=\"wp-block-heading\">\u00bfQu\u00e9 papel juega la odontolog\u00eda en el tratamiento del bruxismo?<\/h2>\n\n\n\n<ul class=\"wp-block-list\">\n<li class=\"has-medium-font-size\">Un ortodoncista puede alinear tus dientes con respecto a tu articulaci\u00f3n temporomandibular.<\/li>\n\n\n\n<li class=\"has-medium-font-size\">Fabricar una f\u00e9rula de bruxismo para proteger tus dientes y separar la mordida para relajar los m\u00fasculos.<\/li>\n\n\n\n<li class=\"has-medium-font-size\">Tratar sensibilidad dental y los desgastes y fracturas provocados<\/li>\n\n\n\n<li class=\"has-medium-font-size\">Prevenir mayor desgaste.<\/li>\n<\/ul>\n\n\n\n<p class=\"has-medium-font-size\"><a href=\"https:\/\/pubmed.ncbi.nlm.nih.gov\/31533008\/\">Algunos dentistas ponen B\u00f3tox<\/a> si no, referirse a un dermat\u00f3logo.<\/p>\n\n\n\n<p class=\"has-medium-font-size\"><strong>Bibliograf\u00eda:<\/strong><\/p>\n\n\n\n<ol class=\"wp-block-list\">\n<li class=\"has-small-font-size\">Soares-Silva L, de Amorim CS, Magno MB, Tavares-Silva C, Maia LC. Effects of different interventions on bruxism: an overview of systematic reviews. Sleep Breath. 2024 Jan 4. doi: 10.1007\/s11325-023-02961-7. Epub ahead of print. PMID: 38177829.<\/li>\n\n\n\n<li class=\"has-small-font-size\">Manfredini D, Ahlberg J, Lobbezoo F. Bruxism definition: Past, present, and future - What should a prosthodontist know? J Prosthet Dent. 2022 Nov;128(5):905-912. doi: 10.1016\/j.prosdent.2021.01.026. Epub 2021 Mar 5. PMID: 33678438.<\/li>\n\n\n\n<li class=\"has-small-font-size\">Klasser GD, Rei N, Lavigne GJ. Sleep bruxism etiology: the evolution of a changing paradigm. J Can Dent Assoc. 2015;81:f2.<\/li>\n\n\n\n<li class=\"has-small-font-size\">Valesan LF, Da-Cas CD, R\u00e9us JC, Denardin ACS, Garanhani RR, Bonotto D, Januzzi E, de Souza BDM. Prevalence of temporomandibular joint disorders: a systematic review and meta-analysis. Clin Oral Investig. 2021 Feb;25(2):441-453. doi: 10.1007\/s00784-020-03710-w. Epub 2021 Jan 6. PMID: 33409693.<\/li>\n<\/ol>","protected":false},"excerpt":{"rendered":"<p>Dra. Gianna Hanly &#8211; Rehabilitadora Oral Seg\u00fan el Instituto Nacional de Investigaci\u00f3n Dental y Craneofacial, el bruxismo es una afecci\u00f3n en la que una persona rechina, aprieta o cruje los dientes; puede ocurrir cuando se est\u00e1 despierto o dormido. El &hellip; <a class=\"kt-excerpt-readmore more-link\" href=\"https:\/\/madentaclinic.com\/en\/2024\/03\/25\/bruxismo-y-sus-implicaciones-en-odontologia\/\">Read More<\/a><\/p>","protected":false},"author":2,"featured_media":2202,"comment_status":"open","ping_status":"open","sticky":false,"template":"elementor_theme","format":"standard","meta":{"om_disable_all_campaigns":false,"_monsterinsights_skip_tracking":false,"_monsterinsights_sitenote_active":false,"_monsterinsights_sitenote_note":"","_monsterinsights_sitenote_category":0,"_joinchat":[],"footnotes":""},"categories":[33],"tags":[34,36,37,30,35],"class_list":["post-2200","post","type-post","status-publish","format-standard","has-post-thumbnail","hentry","category-bruxismo","tag-bruxismo","tag-bruxismo-panama","tag-clinicadental","tag-madenta","tag-panama"],"aioseo_notices":[],"_links":{"self":[{"href":"https:\/\/madentaclinic.com\/en\/wp-json\/wp\/v2\/posts\/2200","targetHints":{"allow":["GET"]}}],"collection":[{"href":"https:\/\/madentaclinic.com\/en\/wp-json\/wp\/v2\/posts"}],"about":[{"href":"https:\/\/madentaclinic.com\/en\/wp-json\/wp\/v2\/types\/post"}],"author":[{"embeddable":true,"href":"https:\/\/madentaclinic.com\/en\/wp-json\/wp\/v2\/users\/2"}],"replies":[{"embeddable":true,"href":"https:\/\/madentaclinic.com\/en\/wp-json\/wp\/v2\/comments?post=2200"}],"version-history":[{"count":5,"href":"https:\/\/madentaclinic.com\/en\/wp-json\/wp\/v2\/posts\/2200\/revisions"}],"predecessor-version":[{"id":2239,"href":"https:\/\/madentaclinic.com\/en\/wp-json\/wp\/v2\/posts\/2200\/revisions\/2239"}],"wp:featuredmedia":[{"embeddable":true,"href":"https:\/\/madentaclinic.com\/en\/wp-json\/wp\/v2\/media\/2202"}],"wp:attachment":[{"href":"https:\/\/madentaclinic.com\/en\/wp-json\/wp\/v2\/media?parent=2200"}],"wp:term":[{"taxonomy":"category","embeddable":true,"href":"https:\/\/madentaclinic.com\/en\/wp-json\/wp\/v2\/categories?post=2200"},{"taxonomy":"post_tag","embeddable":true,"href":"https:\/\/madentaclinic.com\/en\/wp-json\/wp\/v2\/tags?post=2200"}],"curies":[{"name":"wp","href":"https:\/\/api.w.org\/{rel}","templated":true}]}}